{"id":34,"date":"2026-02-07T07:05:41","date_gmt":"2026-02-07T07:05:41","guid":{"rendered":"https:\/\/orhon.xn--yalnbakaya-q6a20ggr.tr\/?p=34"},"modified":"2026-02-07T21:14:18","modified_gmt":"2026-02-07T21:14:18","slug":"seriat-ve-devlet-hukmu","status":"publish","type":"post","link":"https:\/\/orhon.xn--yalnbakaya-q6a20ggr.tr\/?p=34","title":{"rendered":"\u015eeriat ve Devlet H\u00fckm\u00fc"},"content":{"rendered":"\n<p>Bu \u00fclkede \u015feriat uygulan\u0131yor; nas\u0131l m\u0131! Vatanda\u015fl\u0131k ba\u011f\u0131yla h\u00fckm\u00fcn uygulanmas\u0131n\u0131 devlet organ\u0131na devretmi\u015f olmam\u0131zla uygulan\u0131yor; aksi sava\u015f hukukunu do\u011furur ve isyanda \u015feriat\u0131n kesti\u011fi parmak ac\u0131mamal\u0131! &#8221;Ba\u011f\u0131\u015flarsan\u0131z bunda sizin i\u00e7in daha b\u00fcy\u00fck hay\u0131rlar vard\u0131r&#8221; denir ve denge ile d\u00fczenin sa\u011flanmas\u0131 \u015feriatt\u0131r ki denge o an i\u00e7in e\u011fer ba\u011f\u0131\u015flamay\u0131 gerektiriyorsa bu da bir d\u00fczeni gerekli k\u0131lar; kuyru\u011funu kovalayan kedi misali! Ve yine bu da hukuk kurallar\u0131n\u0131n toplumun i\u00e7erisinde bulundu\u011fu \u015fartlar\u0131n, yani \u00e7a\u011f\u0131n gerekliliklerine g\u00f6re y\u0131lan\u0131n kabu\u011funu yenilemesi, insan\u0131n t\u0131rna\u011f\u0131n\u0131 kesmesi misali s\u00fcrekli silkelenerek g\u00fcncellenmesi demektir.<\/p>\n\n\n\n<p>Yolda g\u00f6rd\u00fc\u011f\u00fc ba\u015f\u0131, bald\u0131r\u0131 a\u00e7\u0131k birine &#8221;Beni g\u00fcnaha sokuyor&#8221; diyerek \u015feriatsizlikten dem vuran biri m\u00fcsl\u00fcman oldu\u011fu i\u00e7in mi g\u00fcnaha girme i\u011filimli yoksa m\u00fcsl\u00fcman olmad\u0131\u011f\u0131 i\u00e7in mi! Yoksa kimin m\u00fcsl\u00fcman olup kimin m\u00fcsl\u00fcman olmad\u0131\u011f\u0131n\u0131 nas\u0131l anlars\u0131n\u0131z! Sizce kafeste yeti\u015ftirilmi\u015f \u015fehzadeler cennete sal\u0131n\u0131r m\u0131! G\u00fcnaha sokuldu\u011funu iddia ederek kar\u015f\u0131s\u0131ndakini su\u00e7layan biri asl\u0131nda nefsinin m\u00fcsl\u00fcman olmad\u0131\u011f\u0131n\u0131 ba\u011f\u0131rmakta iken \u0130slam&#8217;\u0131n muhataplar\u0131nca alg\u0131lan\u0131\u015f bi\u00e7imine verdi\u011fi zararla m\u00fcnaf\u0131k de\u011fil de nedir; ne yaz\u0131k ki bu kendisinin de fark\u0131nda olmad\u0131\u011f\u0131 bir m\u00fcnaf\u0131kl\u0131k hali de\u011fil de nedir!<\/p>\n\n\n\n<p>Adalet temelli devlet hukuku \u015feriattan bir payd\u0131r, payda\u015flar\u0131 bir paydada toplanan!<\/p>\n\n\n\n<p class=\"has-text-align-right\">Yal\u00e7\u0131n Ba\u015fkaya<\/p>\n\n\n<div class=\"has-text-align-right wp-block-post-date\"><time datetime=\"2026-02-07T07:05:41+00:00\">\u015eubat 7, 2026<\/time><\/div>\n\n<div class=\"wp-block-post-date__modified-date wp-block-post-date\"><time datetime=\"2026-02-07T21:14:18+00:00\">\u015eubat 7, 2026<\/time><\/div>","protected":false},"excerpt":{"rendered":"<p>Bu \u00fclkede \u015feriat uygulan\u0131yor; nas\u0131l m\u0131! Vatanda\u015fl\u0131k ba\u011f\u0131yla h\u00fckm\u00fcn uygulanmas\u0131n\u0131 devlet organ\u0131na devretmi\u015f olmam\u0131zla uygulan\u0131yor; aksi sava\u015f hukukunu do\u011furur ve isyanda \u015feriat\u0131n kesti\u011fi parmak ac\u0131mamal\u0131! &#8221;Ba\u011f\u0131\u015flarsan\u0131z bunda sizin i\u00e7in daha&#8230;<\/p>\n","protected":false},"author":1,"featured_media":0,"comment_status":"closed","ping_status":"open","sticky":false,"template":"","format":"standard","meta":{"footnotes":""},"categories":[3],"tags":[26,31,28,33,27,30,32,35],"class_list":["post-34","post","type-post","status-publish","format-standard","hentry","category-dusunuyorum","tag-adalet","tag-aladet","tag-devlet","tag-duzen","tag-hukuk","tag-islam","tag-kanun","tag-vatandaslik"],"_links":{"self":[{"href":"https:\/\/orhon.xn--yalnbakaya-q6a20ggr.tr\/index.php?rest_route=\/wp\/v2\/posts\/34","targetHints":{"allow":["GET"]}}],"collection":[{"href":"https:\/\/orhon.xn--yalnbakaya-q6a20ggr.tr\/index.php?rest_route=\/wp\/v2\/posts"}],"about":[{"href":"https:\/\/orhon.xn--yalnbakaya-q6a20ggr.tr\/index.php?rest_route=\/wp\/v2\/types\/post"}],"author":[{"embeddable":true,"href":"https:\/\/orhon.xn--yalnbakaya-q6a20ggr.tr\/index.php?rest_route=\/wp\/v2\/users\/1"}],"replies":[{"embeddable":true,"href":"https:\/\/orhon.xn--yalnbakaya-q6a20ggr.tr\/index.php?rest_route=%2Fwp%2Fv2%2Fcomments&post=34"}],"version-history":[{"count":3,"href":"https:\/\/orhon.xn--yalnbakaya-q6a20ggr.tr\/index.php?rest_route=\/wp\/v2\/posts\/34\/revisions"}],"predecessor-version":[{"id":50,"href":"https:\/\/orhon.xn--yalnbakaya-q6a20ggr.tr\/index.php?rest_route=\/wp\/v2\/posts\/34\/revisions\/50"}],"wp:attachment":[{"href":"https:\/\/orhon.xn--yalnbakaya-q6a20ggr.tr\/index.php?rest_route=%2Fwp%2Fv2%2Fmedia&parent=34"}],"wp:term":[{"taxonomy":"category","embeddable":true,"href":"https:\/\/orhon.xn--yalnbakaya-q6a20ggr.tr\/index.php?rest_route=%2Fwp%2Fv2%2Fcategories&post=34"},{"taxonomy":"post_tag","embeddable":true,"href":"https:\/\/orhon.xn--yalnbakaya-q6a20ggr.tr\/index.php?rest_route=%2Fwp%2Fv2%2Ftags&post=34"}],"curies":[{"name":"wp","href":"https:\/\/api.w.org\/{rel}","templated":true}]}}