{"id":31,"date":"2026-02-02T23:03:33","date_gmt":"2026-02-02T23:03:33","guid":{"rendered":"https:\/\/orhon.xn--yalnbakaya-q6a20ggr.tr\/?p=31"},"modified":"2026-02-07T21:16:02","modified_gmt":"2026-02-07T21:16:02","slug":"3-boyut-ve-4-boyut","status":"publish","type":"post","link":"https:\/\/orhon.xn--yalnbakaya-q6a20ggr.tr\/?p=31","title":{"rendered":"3 Boyut ve 4. Boyut\u2026"},"content":{"rendered":"\n<p>Zaman\u2026 Sizce d\u00f6rd\u00fcnc\u00fc boyut mudur! Bence de\u011fil! Sizce koordinat d\u00fczlem say\u0131s\u0131 boyut derecesi midir! Bence de\u011fil! <\/p>\n\n\n\n<p>x, y ve z eksenlerinin ba\u011f\u0131ms\u0131z birer boyut derecesi oldu\u011funu d\u00fc\u015f\u00fcn\u00fcyor ve hayat\u0131 deneyimlerken, deneyler yaparken, problemleri \u00e7\u00f6zerken bu kab\u00fclden yola \u00e7\u0131karak g\u00f6zlem alan\u0131na bak\u0131yorsunuz! Bak\u0131yorsunuz ama g\u00f6rm\u00fcyorsunuz! \u00c7\u00fcnk\u00fc koordinat d\u00fczlemleri ayr\u0131 ayr\u0131 birer boyut de\u011fil, birlikte bir boyuttur! Birinci boyut &#8220;konum&#8221;dur! \u0130kinci boyut &#8220;h\u0131z&#8221;, \u00fc\u00e7\u00fcnc\u00fc boyut &#8220;ivme&#8221;dir! Ve insan alg\u0131s\u0131na a\u00e7\u0131k olan \u00fc\u00e7 boyutlu evren i\u015fte budur! Konum, h\u0131z, ivme\u2026 Zaman ise bu boyutlar aras\u0131ndaki ili\u015fkiyi insanlar\u0131n somutla\u015ft\u0131rma y\u00f6ntemiyle ifade etme bi\u00e7imidir!<\/p>\n\n\n\n<p>Zaman\u2026 Zaman bir boyut de\u011fildir! Koordinat d\u00fczlemleri, alg\u0131m\u0131za a\u00e7\u0131k \u00fc\u00e7 boyutlu evrenin sadece bir boyutunun alt k\u00fcmeleridir! <\/p>\n\n\n\n<p>\u00dc\u00e7 boyutlu evren dendi\u011finde zihnimizin anlad\u0131\u011f\u0131: &#8220;Konum\u201d, \u201cH\u0131z\u201d ve \u201c\u0130vme&#8221; de\u011filse, \u00e7\u0131kmaz sokaklarda ilerliyoruz demektir!<\/p>\n\n\n\n<p class=\"has-text-align-right\">Yal\u00e7\u0131n Ba\u015fkaya<\/p>\n\n\n<div class=\"has-text-align-right wp-block-post-date\"><time datetime=\"2026-02-02T23:03:33+00:00\">\u015eubat 2, 2026<\/time><\/div>\n\n<div class=\"wp-block-post-date__modified-date wp-block-post-date\"><time datetime=\"2026-02-07T21:16:02+00:00\">\u015eubat 7, 2026<\/time><\/div>","protected":false},"excerpt":{"rendered":"<p>Zaman\u2026 Sizce d\u00f6rd\u00fcnc\u00fc boyut mudur! Bence de\u011fil! Sizce koordinat d\u00fczlem say\u0131s\u0131 boyut derecesi midir! Bence de\u011fil! x, y ve z eksenlerinin ba\u011f\u0131ms\u0131z birer boyut derecesi oldu\u011funu d\u00fc\u015f\u00fcn\u00fcyor ve hayat\u0131 deneyimlerken,&#8230;<\/p>\n","protected":false},"author":1,"featured_media":0,"comment_status":"closed","ping_status":"open","sticky":false,"template":"","format":"standard","meta":{"footnotes":""},"categories":[3],"tags":[21,20,15,22,17,18,16,13,23,24,14,19],"class_list":["post-31","post","type-post","status-publish","format-standard","hentry","category-dusunuyorum","tag-3-boyut","tag-4-boyut","tag-boyut","tag-evren","tag-hiz","tag-ivme","tag-konum","tag-koordinat","tag-uzay","tag-uzay-zaman","tag-xyz","tag-zaman"],"_links":{"self":[{"href":"https:\/\/orhon.xn--yalnbakaya-q6a20ggr.tr\/index.php?rest_route=\/wp\/v2\/posts\/31","targetHints":{"allow":["GET"]}}],"collection":[{"href":"https:\/\/orhon.xn--yalnbakaya-q6a20ggr.tr\/index.php?rest_route=\/wp\/v2\/posts"}],"about":[{"href":"https:\/\/orhon.xn--yalnbakaya-q6a20ggr.tr\/index.php?rest_route=\/wp\/v2\/types\/post"}],"author":[{"embeddable":true,"href":"https:\/\/orhon.xn--yalnbakaya-q6a20ggr.tr\/index.php?rest_route=\/wp\/v2\/users\/1"}],"replies":[{"embeddable":true,"href":"https:\/\/orhon.xn--yalnbakaya-q6a20ggr.tr\/index.php?rest_route=%2Fwp%2Fv2%2Fcomments&post=31"}],"version-history":[{"count":4,"href":"https:\/\/orhon.xn--yalnbakaya-q6a20ggr.tr\/index.php?rest_route=\/wp\/v2\/posts\/31\/revisions"}],"predecessor-version":[{"id":51,"href":"https:\/\/orhon.xn--yalnbakaya-q6a20ggr.tr\/index.php?rest_route=\/wp\/v2\/posts\/31\/revisions\/51"}],"wp:attachment":[{"href":"https:\/\/orhon.xn--yalnbakaya-q6a20ggr.tr\/index.php?rest_route=%2Fwp%2Fv2%2Fmedia&parent=31"}],"wp:term":[{"taxonomy":"category","embeddable":true,"href":"https:\/\/orhon.xn--yalnbakaya-q6a20ggr.tr\/index.php?rest_route=%2Fwp%2Fv2%2Fcategories&post=31"},{"taxonomy":"post_tag","embeddable":true,"href":"https:\/\/orhon.xn--yalnbakaya-q6a20ggr.tr\/index.php?rest_route=%2Fwp%2Fv2%2Ftags&post=31"}],"curies":[{"name":"wp","href":"https:\/\/api.w.org\/{rel}","templated":true}]}}