{"id":10,"date":"2026-02-01T13:18:00","date_gmt":"2026-02-01T13:18:00","guid":{"rendered":"https:\/\/orhon.xn--yalnbakaya-q6a20ggr.tr\/?p=10"},"modified":"2026-02-08T00:35:26","modified_gmt":"2026-02-08T00:35:26","slug":"yer-cekseydi-savrulmazdik","status":"publish","type":"post","link":"https:\/\/orhon.xn--yalnbakaya-q6a20ggr.tr\/?p=10","title":{"rendered":"Yer \u00c7ekseydi Savrulmazd\u0131k&#8230;"},"content":{"rendered":"\n<p>K\u00fctle \u00e7ekimi yoktur! <\/p>\n\n\n<div class=\"wp-block-image\">\n<figure class=\"alignright size-full is-resized\"><img decoding=\"async\" src=\"https:\/\/orhon.xn--yalnbakaya-q6a20ggr.tr\/wp-content\/uploads\/2026\/02\/yalcinBaskaya_00001.gif\" alt=\"\" class=\"wp-image-11\" style=\"width:131px;height:auto\"\/><\/figure>\n<\/div>\n\n\n<p>\u0130lk enerjiyi s\u00f6n\u00fcmlemeye \u00e7al\u0131\u015fan bir madde evreni vard\u0131r!<\/p>\n\n\n\n<p>\u0130lk enerji tesiriyle olu\u015fan, galaksilerin, \u00fcst ve alt grup sistemlerin, y\u0131ld\u0131zlar\u0131n, gezegenlerin vs. konum, h\u0131z ve ivme sirk\u00fclasyonlar\u0131n\u0131n olu\u015fturdu\u011fu bas\u0131n\u00e7 katmanlar\u0131 vard\u0131r!<\/p>\n\n\n\n<p>Bas\u0131n\u00e7 katmanlar\u0131nda madde, yap\u0131ta\u015flar\u0131 itibariyle denge durumuna do\u011fru eleklenerek ayr\u0131\u015fmakta ve yeni formlar kazanmaktad\u0131r!<\/p>\n\n\n\n<p>Literat\u00fcrde canl\u0131 ve cans\u0131z olarak tan\u0131mlanan her \u015fey bir s\u00f6n\u00fcmlenme mekanizmas\u0131 \u00fcr\u00fcn\u00fcd\u00fcr!<\/p>\n\n\n\n<div class=\"wp-block-math\"><math display=\"block\"><semantics><mrow><msub><mi>G<\/mi><mrow><mi>O<\/mi><mi>r<\/mi><mi>h<\/mi><mi>O<\/mi><mi>n<\/mi><\/mrow><\/msub><mo>=<\/mo><mtext>&nbsp;<\/mtext><mfrac><mrow><msubsup><mi>V<\/mi><mrow><mi>b<\/mi><mi>i<\/mi><mi>l<\/mi><mi>e<\/mi><mtext>\u015f<\/mtext><mi>k<\/mi><mi>e<\/mi><\/mrow><mn>2<\/mn><\/msubsup><mi>.<\/mi><msub><mi>D<\/mi><mrow><mi>G<\/mi><mi>e<\/mi><mi>z<\/mi><mi>e<\/mi><mi>g<\/mi><mi>e<\/mi><mi>n<\/mi><mtext>&nbsp;<\/mtext><mi>Y<\/mi><mi>\u0131<\/mi><mi>l<\/mi><mi>d<\/mi><mi>\u0131<\/mi><mi>z<\/mi><mtext>&nbsp;<\/mtext><mi>A<\/mi><mi>r<\/mi><mi>a<\/mi><mi>s<\/mi><mi>\u0131<\/mi><\/mrow><\/msub><\/mrow><msub><mi>M<\/mi><mrow><mi>Y<\/mi><mi>\u0131<\/mi><mi>l<\/mi><mi>d<\/mi><mi>\u0131<\/mi><mi>z<\/mi><\/mrow><\/msub><\/mfrac><mtext>&nbsp;<\/mtext><\/mrow><annotation encoding=\"application\/x-tex\">G_{OrhOn}=\\ \\frac{V_{bile\u015fke}^2.D_{Gezegen\\ Y\u0131ld\u0131z\\ Aras\u0131}}{M_{Y\u0131ld\u0131z}}\\ <\/annotation><\/semantics><\/math><\/div>\n\n\n\n<div class=\"wp-block-math\"><math display=\"block\"><semantics><mrow><mi>g<\/mi><mo>=<\/mo><mtext>&nbsp;<\/mtext><msub><mi>G<\/mi><mrow><mi>O<\/mi><mi>r<\/mi><mi>h<\/mi><mi>O<\/mi><mi>n<\/mi><\/mrow><\/msub><mi>.<\/mi><mfrac><msub><mi>M<\/mi><mrow><mi>G<\/mi><mi>e<\/mi><mi>z<\/mi><mi>e<\/mi><mi>g<\/mi><mi>e<\/mi><mi>n<\/mi><\/mrow><\/msub><msubsup><mi>R<\/mi><mrow><mi>G<\/mi><mi>e<\/mi><mi>z<\/mi><mi>e<\/mi><mi>g<\/mi><mi>e<\/mi><mi>n<\/mi><\/mrow><mn>2<\/mn><\/msubsup><\/mfrac><\/mrow><annotation encoding=\"application\/x-tex\">g=\\ G_{OrhOn}.\\frac{M_{Gezegen}}{R_{Gezegen}^2}<\/annotation><\/semantics><\/math><\/div>\n\n\n\n<div class=\"wp-block-math\"><math display=\"block\"><semantics><mrow><msub><mi>V<\/mi><mrow><mi>Y<\/mi><mover><mi>o<\/mi><mo stretchy=\"false\" class=\"tml-xshift\" style=\"math-style:normal;math-depth:0;\">\u00a8<\/mo><\/mover><mi>r<\/mi><mover><mi>u<\/mi><mo stretchy=\"false\" class=\"tml-xshift\" style=\"math-style:normal;math-depth:0;\">\u00a8<\/mo><\/mover><mi>n<\/mi><mi>g<\/mi><mi>e<\/mi><\/mrow><\/msub><mo>=<\/mo><mtext>&nbsp;<\/mtext><mfrac><mrow><mn>2<\/mn><mi>\u03c0<\/mi><mi>.<\/mi><msub><mi>D<\/mi><mrow><mi>G<\/mi><mi>e<\/mi><mi>z<\/mi><mi>e<\/mi><mi>g<\/mi><mi>e<\/mi><mi>n<\/mi><mtext>&nbsp;<\/mtext><mi>Y<\/mi><mi>\u0131<\/mi><mi>l<\/mi><mi>d<\/mi><mi>\u0131<\/mi><mi>z<\/mi><mtext>&nbsp;<\/mtext><mi>A<\/mi><mi>r<\/mi><mi>a<\/mi><mi>s<\/mi><mi>\u0131<\/mi><\/mrow><\/msub><\/mrow><msub><mi>T<\/mi><mrow><mi>Y<\/mi><mi>\u0131<\/mi><mi>l<\/mi><mi>d<\/mi><mi>\u0131<\/mi><mi>z<\/mi><mi>\u0131<\/mi><mi>n<\/mi><mi>\u0131<\/mi><mtext>&nbsp;<\/mtext><mi>T<\/mi><mi>u<\/mi><mi>r<\/mi><mtext>&nbsp;<\/mtext><mi>S<\/mi><mi>a<\/mi><mi>n<\/mi><mi>i<\/mi><mi>y<\/mi><mi>e<\/mi><mi>s<\/mi><mi>i<\/mi><\/mrow><\/msub><\/mfrac><mtext>&nbsp;<\/mtext><\/mrow><annotation encoding=\"application\/x-tex\">V_{Y\u00f6r\u00fcnge}=\\ \\frac{2\\pi.D_{Gezegen\\ Y\u0131ld\u0131z\\ Aras\u0131}}{T_{Y\u0131ld\u0131z\u0131n\u0131\\ Tur\\ Saniyesi}}\\ <\/annotation><\/semantics><\/math><\/div>\n\n\n\n<div class=\"wp-block-math\"><math display=\"block\"><semantics><mrow><msub><mi>V<\/mi><mrow><mi>E<\/mi><mi>k<\/mi><mi>s<\/mi><mi>e<\/mi><mi>n<\/mi><mi>e<\/mi><mi>l<\/mi><\/mrow><\/msub><mo>=<\/mo><mtext>&nbsp;<\/mtext><mrow><mo form=\"prefix\" stretchy=\"false\" lspace=\"0em\" rspace=\"0em\">(<\/mo><mo form=\"prefix\" stretchy=\"false\">\u2212<\/mo><mo form=\"prefix\" stretchy=\"false\">+<\/mo><mo form=\"postfix\" stretchy=\"false\" lspace=\"0em\" rspace=\"0em\">)<\/mo><\/mrow><mi>s<\/mi><mi>i<\/mi><mi>n<\/mi><mo form=\"prefix\" stretchy=\"false\">(<\/mo><msub><mi>\u03b8<\/mi><mrow><mi>Y<\/mi><mi>\u0131<\/mi><mi>l<\/mi><mi>d<\/mi><mi>\u0131<\/mi><mi>z<\/mi><mi>\u0131<\/mi><mi>n<\/mi><mtext>&nbsp;<\/mtext><mi>G<\/mi><mi>e<\/mi><mi>z<\/mi><mi>e<\/mi><mi>g<\/mi><mi>e<\/mi><mi>n<\/mi><mtext>&nbsp;<\/mtext><mi>Y<\/mi><mover><mi>u<\/mi><mo stretchy=\"false\" class=\"tml-xshift\" style=\"math-style:normal;math-depth:0;\">\u00a8<\/mo><\/mover><mi>z<\/mi><mi>e<\/mi><mi>y<\/mi><mtext>&nbsp;<\/mtext><mi>T<\/mi><mi>e<\/mi><mover><mi>g<\/mi><mo stretchy=\"false\" class=\"tml-xshift\" style=\"math-style:normal;math-depth:0;\">\u02d8<\/mo><\/mover><mi>e<\/mi><mi>t<\/mi><mi>i<\/mi><mi>y<\/mi><mi>l<\/mi><mi>e<\/mi><\/mrow><\/msub><mo form=\"postfix\" stretchy=\"false\">)<\/mo><mi>.<\/mi><mo><\/mo><mfrac><mrow><mn>2<\/mn><mi>\u03c0<\/mi><mi>.<\/mi><msub><mi>D<\/mi><mrow><mi>G<\/mi><mi>e<\/mi><mi>z<\/mi><mi>e<\/mi><mi>g<\/mi><mi>e<\/mi><mi>n<\/mi><\/mrow><\/msub><\/mrow><msub><mi>T<\/mi><mrow><mi>K<\/mi><mi>e<\/mi><mi>n<\/mi><mi>d<\/mi><mi>i<\/mi><mi>n<\/mi><mi>i<\/mi><mtext>&nbsp;<\/mtext><mi>T<\/mi><mi>u<\/mi><mi>r<\/mi><mtext>&nbsp;<\/mtext><mi>S<\/mi><mi>a<\/mi><mi>n<\/mi><mi>i<\/mi><mi>y<\/mi><mi>e<\/mi><mi>s<\/mi><mi>i<\/mi><\/mrow><\/msub><\/mfrac><mtext>&nbsp;<\/mtext><\/mrow><annotation encoding=\"application\/x-tex\">V_{Eksenel}=\\ {(-+)}sin(\u03b8_{Y\u0131ld\u0131z\u0131n\\ Gezegen\\ Y\u00fczey\\ Te\u011fetiyle}).\\\\\\frac{2\\pi.D_{Gezegen}}{T_{Kendini\\ Tur\\ Saniyesi}}\\ <\/annotation><\/semantics><\/math><\/div>\n\n\n\n<p>Not: Eksen y\u00f6r\u00fcnge y\u00f6n\u00fc gezegen y\u00f6r\u00fcnge y\u00f6n\u00fcyle ayn\u0131ysa &#8211; de\u011filse + i\u015faretlidir.<\/p>\n\n\n\n<div class=\"wp-block-math\"><math display=\"block\"><semantics><mrow><msub><mi>V<\/mi><mrow><mi>U<\/mi><mi>y<\/mi><mi>d<\/mi><mi>u<\/mi><\/mrow><\/msub><mo>=<\/mo><mtext>&nbsp;<\/mtext><mi>c<\/mi><mi>o<\/mi><mi>s<\/mi><mo form=\"prefix\" stretchy=\"false\">(<\/mo><msub><mi>\u03b8<\/mi><mrow><mi>G<\/mi><mi>e<\/mi><mi>z<\/mi><mi>e<\/mi><mi>g<\/mi><mi>e<\/mi><mi>n<\/mi><mtext>&nbsp;<\/mtext><mi>Y<\/mi><mover><mi>o<\/mi><mo stretchy=\"false\" class=\"tml-xshift\" style=\"math-style:normal;math-depth:0;\">\u00a8<\/mo><\/mover><mi>r<\/mi><mover><mi>u<\/mi><mo stretchy=\"false\" class=\"tml-xshift\" style=\"math-style:normal;math-depth:0;\">\u00a8<\/mo><\/mover><mi>n<\/mi><mi>g<\/mi><mi>e<\/mi><mi>s<\/mi><mi>i<\/mi><mi>y<\/mi><mi>l<\/mi><mi>e<\/mi><\/mrow><\/msub><mo form=\"postfix\" stretchy=\"false\">)<\/mo><mi>.<\/mi><mo><\/mo><mfrac><mrow><mn>2<\/mn><mi>\u03c0<\/mi><mi>.<\/mi><msub><mi>D<\/mi><mrow><mi>G<\/mi><mi>e<\/mi><mi>z<\/mi><mi>e<\/mi><mi>g<\/mi><mi>e<\/mi><mi>n<\/mi><mtext>&nbsp;<\/mtext><mi>U<\/mi><mi>y<\/mi><mi>d<\/mi><mi>u<\/mi><mtext>&nbsp;<\/mtext><mi>A<\/mi><mi>r<\/mi><mi>a<\/mi><mi>s<\/mi><mi>\u0131<\/mi><\/mrow><\/msub><mi>.<\/mi><mfrac><msub><mi>M<\/mi><mrow><mi>U<\/mi><mi>y<\/mi><mi>d<\/mi><mi>u<\/mi><\/mrow><\/msub><mrow><msub><mi>M<\/mi><mrow><mi>G<\/mi><mi>e<\/mi><mi>z<\/mi><mi>e<\/mi><mi>g<\/mi><mi>e<\/mi><mi>n<\/mi><\/mrow><\/msub><mo>+<\/mo><msub><mi>M<\/mi><mrow><mi>U<\/mi><mi>y<\/mi><mi>d<\/mi><mi>u<\/mi><\/mrow><\/msub><\/mrow><\/mfrac><mtext>&nbsp;<\/mtext><\/mrow><msub><mi>T<\/mi><mrow><mi>G<\/mi><mi>e<\/mi><mi>z<\/mi><mi>e<\/mi><mi>g<\/mi><mi>e<\/mi><mi>n<\/mi><mi>i<\/mi><mtext>&nbsp;<\/mtext><mi>T<\/mi><mi>u<\/mi><mi>r<\/mi><mtext>&nbsp;<\/mtext><mi>S<\/mi><mi>a<\/mi><mi>n<\/mi><mi>i<\/mi><mi>y<\/mi><mi>e<\/mi><mi>s<\/mi><mi>i<\/mi><\/mrow><\/msub><\/mfrac><mtext>&nbsp;<\/mtext><\/mrow><annotation encoding=\"application\/x-tex\">V_{Uydu}=\\ cos(\u03b8_{Gezegen\\ Y\u00f6r\u00fcngesiyle}).\\\\\\frac{2\\pi.D_{Gezegen\\ Uydu\\ Aras\u0131}.\\frac{M_{Uydu}}{M_{Gezegen}+M_{Uydu}}\\ }{T_{Gezegeni\\ Tur\\ Saniyesi}}\\ <\/annotation><\/semantics><\/math><\/div>\n\n\n\n<div class=\"wp-block-math\"><math display=\"block\"><semantics><mrow><msubsup><mi>V<\/mi><mrow><mi>b<\/mi><mi>i<\/mi><mi>l<\/mi><mi>e<\/mi><mtext>\u015f<\/mtext><mi>k<\/mi><mi>e<\/mi><\/mrow><mn>2<\/mn><\/msubsup><mo>=<\/mo><mo form=\"prefix\" stretchy=\"false\">[<\/mo><msub><mi>V<\/mi><mrow><mi>Y<\/mi><mover><mi>o<\/mi><mo stretchy=\"false\" class=\"tml-xshift\" style=\"math-style:normal;math-depth:0;\">\u00a8<\/mo><\/mover><mi>r<\/mi><mover><mi>u<\/mi><mo stretchy=\"false\" class=\"tml-xshift\" style=\"math-style:normal;math-depth:0;\">\u00a8<\/mo><\/mover><mi>n<\/mi><mi>g<\/mi><mi>e<\/mi><\/mrow><\/msub><mo>+<\/mo><msub><mi>V<\/mi><mrow><mi>E<\/mi><mi>k<\/mi><mi>s<\/mi><mi>e<\/mi><mi>n<\/mi><mi>e<\/mi><mi>l<\/mi><\/mrow><\/msub><mo>+<\/mo><mo movablelimits=\"false\">\u2211<\/mo><msub><mi>V<\/mi><mrow><mi>U<\/mi><mi>y<\/mi><mi>d<\/mi><mi>u<\/mi><\/mrow><\/msub><msup><mo form=\"postfix\" stretchy=\"false\">]<\/mo><mn>2<\/mn><\/msup><\/mrow><annotation encoding=\"application\/x-tex\">V_{bile\u015fke}^2 = [V_{Y\u00f6r\u00fcnge} + V_{Eksenel} + \\sum V_{Uydu}]^2<\/annotation><\/semantics><\/math><\/div>\n\n\n\n<p>T\u0131pk\u0131 h\u0131z\u0131n\u0131n s\u0131n\u0131rlar\u0131na ula\u015fan bir arac\u0131n maruz kald\u0131\u011f\u0131 titre\u015fim gibi galaksinin d\u0131\u015f uzaydaki h\u0131z\u0131n\u0131n, galaksi i\u00e7erisindeki y\u0131ld\u0131zlar \u00fczerinde, y\u0131ld\u0131zlar\u0131n ise galaksi i\u00e7erisindeki y\u00f6r\u00fcnge h\u0131z\u0131n\u0131n y\u0131ld\u0131z sistemindeki gezegenlerin \u00fczerinde, gezegenlerin y\u00f6r\u00fcngesindeki h\u0131zlar\u0131n\u0131n da uydular\u0131 \u00fczerinde bile\u015fke etkisi vard\u0131r ve bu etkinin atomun i\u00e7 yap\u0131s\u0131na indirgenmi\u015f i\u015flevselli\u011fi vard\u0131r!<\/p>\n\n\n\n<p>Sadece y\u00f6r\u00fcnge h\u0131zlar\u0131 de\u011fil eksenel h\u0131zlar ve ivmeler de bir bile\u015fke etki olu\u015fturur. T\u00fcm h\u0131z ve ivme de\u011ferlerine \u00e7evresel di\u011fer hareketler ve konumlanmalar da derecelendirilerek eklendi\u011finde ortam ko\u015fullar\u0131 daha sa\u011fl\u0131kl\u0131 yorumlanabilir!<\/p>\n\n\n\n<p>Etki tepki ile verinin \u0131\u015f\u0131k h\u0131z\u0131na yak\u0131n iletilmesi gibi, \u0131\u015f\u0131k h\u0131z\u0131 bariyerinin faz de\u011fi\u015ftiren bir yo\u011funluk gibi davrand\u0131\u011f\u0131 da d\u00fc\u015f\u00fcn\u00fcld\u00fc\u011f\u00fcnde \u0131\u015f\u0131\u011f\u0131, ak\u0131\u015f y\u00f6n\u00fcnde vidalayacak kula\u00e7lama etkisinin h\u0131z a\u015f\u0131m\u0131n\u0131 sa\u011flayaca\u011f\u0131 \u00f6ng\u00f6r\u00fclebilir!<\/p>\n\n\n\n<p>Canl\u0131 fizyolojisi olarak ara ad\u0131mlar\u0131 atlayarak \u0131\u015f\u0131k h\u0131z\u0131n\u0131 ge\u00e7meyi \u00f6ncelemenin getirisi olmayaca\u011f\u0131ndan esas olan, G\u00fcne\u015f sistemi i\u00e7erisindeki ula\u015f\u0131m a\u011flar\u0131n\u0131n tesisi \u00fczerine odaklanmak olmal\u0131d\u0131r!<\/p>\n\n\n\n<p>\u00dcst ve alt \u00f6l\u00e7ekteki de\u011fi\u015fken ortam ko\u015fullar\u0131na uygun, en az sabit de\u011fer kabul\u00fcyle, m\u00fcmk\u00fcnse hi\u00e7 sabit de\u011ferleri kullanmadan, hareket denklemlerinin kurularak ak\u0131\u015ftaki girdaplara, k\u0131y\u0131lar\u0131na vs anl\u0131k veri ile g\u00fczergah \u00e7izmek i\u00e7in konu\u015flanm\u0131\u015f uzay fenerleri, \u015famand\u0131ralar ile ula\u015f\u0131m a\u011f\u0131 ve limanlar in\u015fa edilmeli, uzay madencili\u011fi ile arge \u00e7al\u0131\u015fmalar\u0131 h\u0131z kazanmal\u0131d\u0131r!<\/p>\n\n\n\n<p>Deneysel veri olarak temsili evrensel k\u00fctle \u00e7ekim sabiti kabul edilen G de\u011feri G\u00fcne\u015f sistemi i\u00e7erisindeki gezegenlerin G\u00fcne\u015f\u2019e ortalama mesafede ortalama y\u00f6r\u00fcnge h\u0131zlar\u0131n\u0131 i\u00e7ermekte fakat gezegenlerdeki dinamik atmosfer ve yer ko\u015fullar\u0131n\u0131 i\u00e7ermemektedir. \u00d6yleki kendi eksenlerindeki d\u00f6n\u00fc\u015f h\u0131zlar\u0131 ile y\u00f6r\u00fcnge h\u0131zlar\u0131n\u0131n bile\u015fkesindeki de\u011fi\u015fkenlik, uydu etkisinin de\u011fi\u015fken vekt\u00f6r\u00fc de dikkate al\u0131narak yerkabu\u011fu hareketlerinin incelenmesi ve bilimsel literat\u00fcre dahil edilmesi \u00f6nemlidir!<\/p>\n\n\n\n<p>Galaksi merkezinden \u00e7ok daha uzak gezegenlerin de y\u00f6r\u00fcnge h\u0131zlar\u0131n\u0131n G\u00fcne\u015f\u2019in y\u00f6r\u00fcnge h\u0131z\u0131na yakla\u015f\u0131k e\u015fit olmas\u0131 gibi de\u011ferlendirmelerle galaksi i\u00e7erisindeki \u00e7ekim alan\u0131n\u0131 kar\u015f\u0131layacak k\u00fctlenin yetersizli\u011fini \u00f6ne s\u00fcrmekle Asya k\u0131tas\u0131n\u0131n Avrupa b\u00f6lgesindeki bir t\u00fcr orta\u00e7a\u011f b\u00fcy\u00fcc\u00fcl\u00fc\u011f\u00fc bak\u0131\u015f a\u00e7\u0131s\u0131yla karanl\u0131k madde gibi bir hokus pokusun bilime bariyer olarak dahil edilmesine kar\u015f\u0131n galaksi merkezinin \u00e7ekim olu\u015fturmad\u0131\u011f\u0131, y\u0131ld\u0131zlar\u0131n\u0131n y\u00f6r\u00fcnge mesafeleri de dikkate al\u0131nd\u0131\u011f\u0131nda galaksi \u00e7eperinden merkezine do\u011fru t\u0131pk\u0131 iletken bir telde verinin ta\u015f\u0131nmas\u0131 gibi bir etki tepki deseni ile her \u015feyin denge konumuna do\u011fru itildi\u011fi, yani hesab\u0131n tersten yap\u0131ld\u0131\u011f\u0131 durumda sistemde karanl\u0131k madde enerjisinin vs olmad\u0131\u011f\u0131 anla\u015f\u0131lmaktad\u0131r!<\/p>\n\n\n\n<p>D\u00fc\u015f\u00fcnsel deney: Galaksinin d\u0131\u015f uzaydaki h\u0131z\u0131na g\u00f6rece hareket etmeyen y\u0131ld\u0131z b\u00fcy\u00fckl\u00fc\u011f\u00fcndeki bir k\u00fctle G\u00fcne\u015f\u2019in y\u00f6r\u00fcngesinde sabit duruyor olsa ne g\u00f6r\u00fcr\u00fcz, hi\u00e7 bir \u015fey; h\u0131z s\u0131f\u0131r ve \u0131\u015f\u0131k da yaymaz ama ona yakla\u015f\u0131k 220 km\/sn \u00fcst\u00fcnde hatta galaksinin h\u0131z\u0131 olan yakla\u015f\u0131k 550 km\/sn bir h\u0131zla \u00e7arpar\u0131z\u2026 Karadeli\u011fe d\u00fc\u015fm\u00fc\u015f gibi\u2026 Arabayla 220 km\/sa h\u0131zla giderken sert bir \u015fekilde frene basarsan ne olur\u2026 Karadelikler \u00fczerine d\u00fc\u015f\u00fcn\u00fclmeli, tekrar ve tekrar! Hareket etmiyor olu\u015fu bir yana, mevcut hareketlilerin etki tepki desenine dahil olduklar\u0131nda sistemin deseninin \u015fekil bozulmas\u0131 bile\u2026 Evet, karadelikler \u00fczerine d\u00fc\u015f\u00fcn\u00fclmeli, karanl\u0131k madde ve enerjisinin de\u011fil, karadeliklerin \u00fczerine..!<\/p>\n\n\n\n<figure class=\"wp-block-image size-full is-resized\"><img loading=\"lazy\" decoding=\"async\" width=\"532\" height=\"374\" src=\"https:\/\/orhon.xn--yalnbakaya-q6a20ggr.tr\/wp-content\/uploads\/2026\/02\/tryandcatch-1.gif\" alt=\"\" class=\"wp-image-76\" style=\"aspect-ratio:1.4224775433465635;width:840px;height:auto\"\/><\/figure>\n\n\n\n<p class=\"has-text-align-right\"><em>Yal\u00e7\u0131n Ba\u015fkaya<\/em><\/p>\n\n\n<div class=\"has-text-align-right wp-block-post-date\"><time datetime=\"2026-02-01T13:18:00+00:00\">\u015eubat 1, 2026<\/time><\/div>\n\n<div class=\"wp-block-post-date__modified-date wp-block-post-date\"><time datetime=\"2026-02-08T00:35:26+00:00\">\u015eubat 8, 2026<\/time><\/div>","protected":false},"excerpt":{"rendered":"<p>K\u00fctle \u00e7ekimi yoktur! \u0130lk enerjiyi s\u00f6n\u00fcmlemeye \u00e7al\u0131\u015fan bir madde evreni vard\u0131r! \u0130lk enerji tesiriyle olu\u015fan, galaksilerin, \u00fcst ve alt grup sistemlerin, y\u0131ld\u0131zlar\u0131n, gezegenlerin vs. konum, h\u0131z ve ivme sirk\u00fclasyonlar\u0131n\u0131n olu\u015fturdu\u011fu&#8230;<\/p>\n","protected":false},"author":1,"featured_media":0,"comment_status":"closed","ping_status":"open","sticky":false,"template":"","format":"standard","meta":{"footnotes":""},"categories":[3],"tags":[6,4,8,7,9,5],"class_list":["post-10","post","type-post","status-publish","format-standard","hentry","category-dusunuyorum","tag-evrensel-kutle-cekimi-sabiti","tag-kutle-cekimi","tag-orhon","tag-yalcin-baskaya","tag-yborhon","tag-yer-cekimi"],"_links":{"self":[{"href":"https:\/\/orhon.xn--yalnbakaya-q6a20ggr.tr\/index.php?rest_route=\/wp\/v2\/posts\/10","targetHints":{"allow":["GET"]}}],"collection":[{"href":"https:\/\/orhon.xn--yalnbakaya-q6a20ggr.tr\/index.php?rest_route=\/wp\/v2\/posts"}],"about":[{"href":"https:\/\/orhon.xn--yalnbakaya-q6a20ggr.tr\/index.php?rest_route=\/wp\/v2\/types\/post"}],"author":[{"embeddable":true,"href":"https:\/\/orhon.xn--yalnbakaya-q6a20ggr.tr\/index.php?rest_route=\/wp\/v2\/users\/1"}],"replies":[{"embeddable":true,"href":"https:\/\/orhon.xn--yalnbakaya-q6a20ggr.tr\/index.php?rest_route=%2Fwp%2Fv2%2Fcomments&post=10"}],"version-history":[{"count":5,"href":"https:\/\/orhon.xn--yalnbakaya-q6a20ggr.tr\/index.php?rest_route=\/wp\/v2\/posts\/10\/revisions"}],"predecessor-version":[{"id":77,"href":"https:\/\/orhon.xn--yalnbakaya-q6a20ggr.tr\/index.php?rest_route=\/wp\/v2\/posts\/10\/revisions\/77"}],"wp:attachment":[{"href":"https:\/\/orhon.xn--yalnbakaya-q6a20ggr.tr\/index.php?rest_route=%2Fwp%2Fv2%2Fmedia&parent=10"}],"wp:term":[{"taxonomy":"category","embeddable":true,"href":"https:\/\/orhon.xn--yalnbakaya-q6a20ggr.tr\/index.php?rest_route=%2Fwp%2Fv2%2Fcategories&post=10"},{"taxonomy":"post_tag","embeddable":true,"href":"https:\/\/orhon.xn--yalnbakaya-q6a20ggr.tr\/index.php?rest_route=%2Fwp%2Fv2%2Ftags&post=10"}],"curies":[{"name":"wp","href":"https:\/\/api.w.org\/{rel}","templated":true}]}}